{"id":8862,"date":"2024-11-17T12:16:45","date_gmt":"2024-11-17T12:16:45","guid":{"rendered":"https:\/\/laser.it\/?p=8862"},"modified":"2024-11-17T12:16:45","modified_gmt":"2024-11-17T12:16:45","slug":"g20-giorgia-meloni-a-rio-oggi-il-bilaterale-con-lula","status":"publish","type":"post","link":"https:\/\/laser.it\/?p=8862","title":{"rendered":"G20, Giorgia Meloni a Rio: oggi il bilaterale con Lula"},"content":{"rendered":"<p>(Adnkronos) &#8211; La presidente del Consiglio, Giorgia Meloni, \u00e9 arrivata Rio de Janeiro, accolta alla Base A\u00e9rea do Gale\u00e3o da un rappresentante del ministero degli Esteri brasiliano, dall\u2019Ambasciatore d\u2019Italia in Brasile, Alessandro Cortese, e dal Console Generale d\u2019Italia a Rio de Janeiro, Massimiliano Iacchini. La premier, a Rio per prendere parte al Vertice G20 di Rio de Janeiro del 18 e 19 novembre, vedr\u00e0 il Presidente brasiliano Luiz In\u00e1cio Lula da Silva alle 12.10 ora locale, quando in Italia saranno le 16.10.\u00a0\u00a0Il summit, l\u2019ultimo per Joe Biden da Presidente degli States e con l\u2019ombra di Donald Trump che gi\u00e0 incombe, prender\u00e0 il via domani tra imponenti misure di sicurezza rese ancor pi\u00f9 stringenti dopo l\u2019attentato di Brasilia. Parteciperanno i leader dei paesi membri del G20 insieme ai rappresentanti dell&#039;Unione africana e dell&#039;Unione europea. Tradotto in numeri, nella citt\u00e0 carioca la \u2018due giorni\u2019 di summit vedr\u00e0 al Museo d\u2019Arte Moderna i leader che rappresentano l&#039;85% del Pil mondiale e il 75% del commercio planetario.\u00a0Insieme per \u201cCostruire un mondo equo e un pianeta sostenibile\u201d, l\u2019ambizioso slogan scelto dalla presidenza brasiliana che punta le sue fiches sui temi dell\u2019Inclusione sociale, della riforma delle istituzioni internazionali in chiave pi\u00f9 solidale e inclusiva, sulla transizione green e la sicurezza alimentare nel mondo. Tra le iniziative della presidenza brasiliana c\u2019\u00e8 infatti il lancio dell\u2019Alleanza globale contro la Fame e la Povert\u00e0, per raccogliere e mettere a disposizione risorse, capacit\u00e0 tecniche e migliori prassi. Secondo i dati della Banca Mondiale, infatti, 700 milioni di persone, la met\u00e0 delle quali bambini, vivono in condizioni di povert\u00e0 estrema, cio\u00e8 con meno di 2,15 dollari al giorno: un livello di reddito che non basta neanche a garantire il cibo necessario per una dieta sufficiente e l\u2019acqua potabile.\u00a0Intanto prosegue, alla vigilia del Vertice, il negoziato sulla Dichiarazione finale del G20, con l\u2019obiettivo di raggiungere un linguaggio condiviso sulla guerra in Ucraina e al conflitto in Medio Oriente. Come anche su altri punti in agenda: sicurezza alimentare, debito e tassazione internazionale, clima ed energia, empowerment femminile e intelligenza artificiale. \u00a0\u00a0\u00a0&#8212;internazionale\/esteriwebinfo@adnkronos.com (Web Info)<\/p>\n","protected":false},"excerpt":{"rendered":"<p>(Adnkronos) &#8211; La presidente del Consiglio, Giorgia Meloni, \u00e9 arrivata Rio de Janeiro, accolta alla Base A\u00e9rea do Gale\u00e3o da un rappresentante del ministero degli Esteri brasiliano, dall\u2019Ambasciatore d\u2019Italia in Brasile, Alessandro Cortese, e&#46;&#46;&#46;<\/p>\n","protected":false},"author":1,"featured_media":8863,"comment_status":"open","ping_status":"open","sticky":false,"template":"","format":"standard","meta":{"footnotes":""},"categories":[1],"tags":[2,3],"class_list":["post-8862","post","type-post","status-publish","format-standard","has-post-thumbnail","hentry","category-senza-categoria","tag-adnkronos","tag-ultimora"],"_links":{"self":[{"href":"https:\/\/laser.it\/index.php?rest_route=\/wp\/v2\/posts\/8862","targetHints":{"allow":["GET"]}}],"collection":[{"href":"https:\/\/laser.it\/index.php?rest_route=\/wp\/v2\/posts"}],"about":[{"href":"https:\/\/laser.it\/index.php?rest_route=\/wp\/v2\/types\/post"}],"author":[{"embeddable":true,"href":"https:\/\/laser.it\/index.php?rest_route=\/wp\/v2\/users\/1"}],"replies":[{"embeddable":true,"href":"https:\/\/laser.it\/index.php?rest_route=%2Fwp%2Fv2%2Fcomments&post=8862"}],"version-history":[{"count":1,"href":"https:\/\/laser.it\/index.php?rest_route=\/wp\/v2\/posts\/8862\/revisions"}],"predecessor-version":[{"id":8871,"href":"https:\/\/laser.it\/index.php?rest_route=\/wp\/v2\/posts\/8862\/revisions\/8871"}],"wp:featuredmedia":[{"embeddable":true,"href":"https:\/\/laser.it\/index.php?rest_route=\/wp\/v2\/media\/8863"}],"wp:attachment":[{"href":"https:\/\/laser.it\/index.php?rest_route=%2Fwp%2Fv2%2Fmedia&parent=8862"}],"wp:term":[{"taxonomy":"category","embeddable":true,"href":"https:\/\/laser.it\/index.php?rest_route=%2Fwp%2Fv2%2Fcategories&post=8862"},{"taxonomy":"post_tag","embeddable":true,"href":"https:\/\/laser.it\/index.php?rest_route=%2Fwp%2Fv2%2Ftags&post=8862"}],"curies":[{"name":"wp","href":"https:\/\/api.w.org\/{rel}","templated":true}]}}