{"id":9027,"date":"2024-11-18T14:22:00","date_gmt":"2024-11-18T14:22:00","guid":{"rendered":"https:\/\/laser.it\/?p=9027"},"modified":"2024-11-18T14:22:00","modified_gmt":"2024-11-18T14:22:00","slug":"antibiotico-resistenza-italia-maglia-nera-in-europa-12mila-morti-allanno-per-infezioni","status":"publish","type":"post","link":"https:\/\/laser.it\/?p=9027","title":{"rendered":"Antibiotico-resistenza, Italia maglia nera in Europa: 12mila morti all&#8217;anno per infezioni"},"content":{"rendered":"<p>(Adnkronos) &#8211; Italia maglia nera in Europa per decessi da batteri resistenti agli antibiotici. I morti causati nel nostro Paese dall&#039;antibiotico-resistenza in ospedale sono circa 12mila all&#039;anno, un terzo di tutti i decessi che si verificano tra i ricoverati. Nel biennio 2022-23 sono infatti 430mila i ricoverati che hanno contratto una infezione durante la degenza, l&#039;8,2% del totale dei pazienti, contro una media Ue del 6,5%. Lo indica l&#039;ultimo rapporto di sorveglianza dell&#039;Ecdc &#8211; Centro europeo per la prevenzione e il controllo delle malattie &#8211; presentato oggi, 18 novembre, in un dossier dedicato al tema, dall&#039;Agenzia italiana del farmaco (Aifa) in occasione della Giornata europea per la lotta all&#039;antibiotico-resistenza che apre la Settimana mondiale per il consumo consapevole di questi farmaci, organizzata dall&#039;Organizzazione mondiale della sanit\u00e0 (Oms). \u00a0<br \/>\nPeggio di noi con l&#039;8,9% fa solo il Portogallo, che per\u00f2 ha una popolazione pi\u00f9 giovane della nostra e quindi meno suscettibile. Ma siamo in fondo alla classifica anche per l&#039;uso di antibiotici, somministrati al 44,7% dei degenti contro una media europea del 33,7%. E cos\u00ec il cane si morde la coda, perch\u00e9 l&#039;uso tanto massiccio di antimicrobici fa nascere superbatteri resistenti agli stessi farmaci. \u00a0Tra i microbi pi\u00f9 diffusi c&#039;\u00e8 la Klebsiella, che infetta le vie urinarie con una mortalit\u00e0 che arriva alla met\u00e0 dei casi, lo Pseudomonas che provoca infezioni osteoarticolari con mortalit\u00e0 al 70%, l&#039;Escherichia coli che causa diarrea anche sanguinolenta, il Clostridium difficile che prolifera nell&#039;intestino con una mortalit\u00e0 a 30 giorni che si avvicina al 30%. \u00a0Nonostante le campagne di sensibilizzazione l&#039;uso degli antibiotici da noi \u00e8 in aumento, con il 35,5% dei pazienti, non solo ricoverati, che ne ha ricevuto almeno uno negli ultimi 2 anni, contro il 32,9% del periodo 2016-17. La situazione, poi, come sempre quando si parla di sanit\u00e0, varia da regione a regione. Come documenta un&#039;indagine dell&#039;Istituto superiore di sanit\u00e0, dopo un intervento chirurgico si va dal record delle 500 infezioni ogni 15mila dimessi contratte nella piccola Valle d&#039;Aosta alle sole 70 dell&#039;Abruzzo, passando per le 454 della Liguria e dell&#039;Emilia Romagna, le 300 della Lombardia, le 211 del Lazio. Fatto sta &#8211; documenta il rapporto dell&#039;Ecdc &#8211; che l&#039;impatto sul nostro Ssn \u00e8 enorme, con 2,7 milioni di posti letto occupati proprio a causa di queste infezioni, con un costo che arriva a 2,4 miliardi di euro l&#039;anno. \u00a0Certo, i microbi in ospedale non \u00e8 possibile azzerarli, perch\u00e9 parliamo di un ambiente chiuso dove vivono a stretto contatto pazienti che virus e batteri se li portano anche da fuori. Ma secondo la Simit, la Societ\u00e0 italiana di malattie infettive e tropicali, &quot;l&#039;impatto di queste infezioni potrebbe essere ridotto di un buon 30% inaugurando un percorso virtuoso&quot;. Un obiettivo che per essere centrato richiederebbe non solo una maggiore appropriatezza prescrittiva, tanto in ambito umano che veterinario, ma anche un rinnovamento dei nostri ospedali, spesso datati come lo sono i loro impianti di riscaldamento e aria condizionata, veicolo di diffusione dei microbi. Per questo sono stati riservati 1,2 miliardi del piano di investimenti nell&#039;edilizia sanitaria da destinare all&#039;ammodernamento degli ospedali\u00a0&#8212;cronacawebinfo@adnkronos.com (Web Info)<\/p>\n","protected":false},"excerpt":{"rendered":"<p>(Adnkronos) &#8211; Italia maglia nera in Europa per decessi da batteri resistenti agli antibiotici. I morti causati nel nostro Paese dall&#039;antibiotico-resistenza in ospedale sono circa 12mila all&#039;anno, un terzo di tutti i decessi che&#46;&#46;&#46;<\/p>\n","protected":false},"author":1,"featured_media":9028,"comment_status":"open","ping_status":"open","sticky":false,"template":"","format":"standard","meta":{"footnotes":""},"categories":[1],"tags":[2,3],"class_list":["post-9027","post","type-post","status-publish","format-standard","has-post-thumbnail","hentry","category-senza-categoria","tag-adnkronos","tag-ultimora"],"_links":{"self":[{"href":"https:\/\/laser.it\/index.php?rest_route=\/wp\/v2\/posts\/9027","targetHints":{"allow":["GET"]}}],"collection":[{"href":"https:\/\/laser.it\/index.php?rest_route=\/wp\/v2\/posts"}],"about":[{"href":"https:\/\/laser.it\/index.php?rest_route=\/wp\/v2\/types\/post"}],"author":[{"embeddable":true,"href":"https:\/\/laser.it\/index.php?rest_route=\/wp\/v2\/users\/1"}],"replies":[{"embeddable":true,"href":"https:\/\/laser.it\/index.php?rest_route=%2Fwp%2Fv2%2Fcomments&post=9027"}],"version-history":[{"count":1,"href":"https:\/\/laser.it\/index.php?rest_route=\/wp\/v2\/posts\/9027\/revisions"}],"predecessor-version":[{"id":9049,"href":"https:\/\/laser.it\/index.php?rest_route=\/wp\/v2\/posts\/9027\/revisions\/9049"}],"wp:featuredmedia":[{"embeddable":true,"href":"https:\/\/laser.it\/index.php?rest_route=\/wp\/v2\/media\/9028"}],"wp:attachment":[{"href":"https:\/\/laser.it\/index.php?rest_route=%2Fwp%2Fv2%2Fmedia&parent=9027"}],"wp:term":[{"taxonomy":"category","embeddable":true,"href":"https:\/\/laser.it\/index.php?rest_route=%2Fwp%2Fv2%2Fcategories&post=9027"},{"taxonomy":"post_tag","embeddable":true,"href":"https:\/\/laser.it\/index.php?rest_route=%2Fwp%2Fv2%2Ftags&post=9027"}],"curies":[{"name":"wp","href":"https:\/\/api.w.org\/{rel}","templated":true}]}}